{"id":4603,"date":"2024-04-04T18:49:42","date_gmt":"2024-04-04T15:49:42","guid":{"rendered":"https:\/\/actvbiotech.com\/?p=4603"},"modified":"2024-04-05T09:00:38","modified_gmt":"2024-04-05T06:00:38","slug":"actv-biyoteknoloji-in-cosmetics-global-2024de-ziyaretcilerini-bekliyor","status":"publish","type":"post","link":"https:\/\/actvbiotech.com\/tr\/actv-biyoteknoloji-in-cosmetics-global-2024de-ziyaretcilerini-bekliyor\/","title":{"rendered":"ACTV Biyoteknoloji in-cosmetics Global 2024\u2019de ziyaret\u00e7ilerini bekliyor!"},"content":{"rendered":"<p align=\"justify\"><span style=\"font-family: Quicksand, serif;\">Bilimde do\u011fan\u0131n g\u00fcc\u00fcne olan inanc\u0131m\u0131zla \u00e7\u0131kt\u0131\u011f\u0131m\u0131z yolda global bir marka haline gelmek i\u00e7in b\u00fcy\u00fck bir azimle \u00e7al\u0131\u015f\u0131yor, t\u00fcketici ihtiya\u00e7lar\u0131na y\u00f6nelik kozmetik aktifler geli\u015ftiriyoruz.<\/span><\/p>\n<p align=\"justify\"><span style=\"font-family: Quicksand, serif;\">16-18 Nisan tarihleri aras\u0131nda Paris\u2019te ger\u00e7ekle\u015fecek kozmetik \u00fcr\u00fcn geli\u015ftiriciler ve ara\u015ft\u0131rmac\u0131lara ev sahipli\u011fi yapan, trend kozmetik i\u00e7eriklerin, ham maddelerin ve daha fazla i\u00e7eri\u011fin sergilendi\u011fi in-cosmetics Global: Cosmetic Ingredients Trade Show\u2019da biz de yerimizi ald\u0131k.<\/span><\/p>\n<p align=\"justify\"><span style=\"font-family: Quicksand, serif;\">Geli\u015ftirdi\u011fimiz ProliCell Teknolojisi\u2019ni anlatmak, kozmetik aktiflerimizi ve yeni kozmetik aktifimiz olan koyu halka kar\u015f\u0131t\u0131 aktifimiz ProliCell ShineStem ile tan\u0131\u015ft\u0131rmak i\u00e7in heyecanl\u0131y\u0131z. ProliCell ShineStem fuar boyunca Innovation zone alan\u0131nda sergilenecektir.<\/span><\/p>\n<p align=\"justify\"><span style=\"font-family: Quicksand, serif;\">Genel M\u00fcd\u00fcr\u00fcm\u00fcz Dr. Y\u0131ld\u0131z Bodurlar taraf\u0131ndan 17 Nisan saat 10:15\u2019te Theatre 1\u2019de sunumu ger\u00e7ekle\u015ftirilecek \u2018\u2019An active ingredient derived from plant cell culture\u2019s extracellular vesicles\u2019\u2019 teknik seminerimize kat\u0131larak geli\u015ftirdi\u011fimiz teknoloji hakk\u0131nda daha fazla bilgiye sahip olabilirsiniz.<\/span><\/p>\n<p align=\"justify\"><span style=\"font-family: Quicksand, serif;\">2F37 stand\u0131nda t\u00fcm ziyaret\u00e7ilerimizi bekliyoruz!<\/span><\/p>\n","protected":false},"excerpt":{"rendered":"<p>Bilimde do\u011fan\u0131n g\u00fcc\u00fcne olan inanc\u0131m\u0131zla \u00e7\u0131kt\u0131\u011f\u0131m\u0131z yolda global bir marka haline gelmek i\u00e7in b\u00fcy\u00fck bir azimle \u00e7al\u0131\u015f\u0131yor, t\u00fcketici ihtiya\u00e7lar\u0131na y\u00f6nelik kozmetik aktifler geli\u015ftiriyoruz. 16-18 Nisan tarihleri aras\u0131nda Paris\u2019te ger\u00e7ekle\u015fecek kozmetik \u00fcr\u00fcn geli\u015ftiriciler ve ara\u015ft\u0131rmac\u0131lara ev sahipli\u011fi yapan, trend kozmetik i\u00e7eriklerin, ham maddelerin ve daha fazla i\u00e7eri\u011fin sergilendi\u011fi in-cosmetics Global: Cosmetic Ingredients Trade Show\u2019da biz de [&hellip;]<\/p>\n","protected":false},"author":1,"featured_media":4604,"comment_status":"closed","ping_status":"open","sticky":false,"template":"","format":"standard","meta":{"footnotes":""},"categories":[1],"tags":[],"class_list":["post-4603","post","type-post","status-publish","format-standard","has-post-thumbnail","hentry","category-fuar"],"_links":{"self":[{"href":"https:\/\/actvbiotech.com\/tr\/wp-json\/wp\/v2\/posts\/4603","targetHints":{"allow":["GET"]}}],"collection":[{"href":"https:\/\/actvbiotech.com\/tr\/wp-json\/wp\/v2\/posts"}],"about":[{"href":"https:\/\/actvbiotech.com\/tr\/wp-json\/wp\/v2\/types\/post"}],"author":[{"embeddable":true,"href":"https:\/\/actvbiotech.com\/tr\/wp-json\/wp\/v2\/users\/1"}],"replies":[{"embeddable":true,"href":"https:\/\/actvbiotech.com\/tr\/wp-json\/wp\/v2\/comments?post=4603"}],"version-history":[{"count":1,"href":"https:\/\/actvbiotech.com\/tr\/wp-json\/wp\/v2\/posts\/4603\/revisions"}],"predecessor-version":[{"id":4607,"href":"https:\/\/actvbiotech.com\/tr\/wp-json\/wp\/v2\/posts\/4603\/revisions\/4607"}],"wp:featuredmedia":[{"embeddable":true,"href":"https:\/\/actvbiotech.com\/tr\/wp-json\/wp\/v2\/media\/4604"}],"wp:attachment":[{"href":"https:\/\/actvbiotech.com\/tr\/wp-json\/wp\/v2\/media?parent=4603"}],"wp:term":[{"taxonomy":"category","embeddable":true,"href":"https:\/\/actvbiotech.com\/tr\/wp-json\/wp\/v2\/categories?post=4603"},{"taxonomy":"post_tag","embeddable":true,"href":"https:\/\/actvbiotech.com\/tr\/wp-json\/wp\/v2\/tags?post=4603"}],"curies":[{"name":"wp","href":"https:\/\/api.w.org\/{rel}","templated":true}]}}