{"id":4014,"date":"2023-08-03T09:58:47","date_gmt":"2023-08-03T06:58:47","guid":{"rendered":"https:\/\/actvbiotech.com\/?p=4014"},"modified":"2023-09-12T10:03:22","modified_gmt":"2023-09-12T07:03:22","slug":"3-uluslararasi-elmas-odul-toreninde-yilin-inovatif-kozmetik-ve-ilac-teknolojileri-cozum-markasi-odulunu-kazandik","status":"publish","type":"post","link":"https:\/\/actvbiotech.com\/tr\/3-uluslararasi-elmas-odul-toreninde-yilin-inovatif-kozmetik-ve-ilac-teknolojileri-cozum-markasi-odulunu-kazandik\/","title":{"rendered":"3. Uluslararas\u0131 Elmas \u00d6d\u00fcl T\u00f6reni\u2019nde \u201cY\u0131l\u0131n \u0130novatif Kozmetik ve \u0130la\u00e7 Teknolojileri \u00c7\u00f6z\u00fcm Markas\u0131\u201d \u00f6d\u00fcl\u00fcn\u00fc kazand\u0131k."},"content":{"rendered":"\n<figure class=\"wp-block-embed is-type-video is-provider-vimeo wp-block-embed-vimeo wp-embed-aspect-16-9 wp-has-aspect-ratio\"><div class=\"wp-block-embed__wrapper\">\n<iframe title=\"ACTV B\u0130YOTEKNOLOJ\u0130 - DUYURU F\u0130LM\u0130 - 3. ULUSLARARASI ELMAS \u00d6D\u00dcLLER\u0130\" src=\"https:\/\/player.vimeo.com\/video\/851170948?dnt=1&amp;app_id=122963\" width=\"800\" height=\"450\" frameborder=\"0\" allow=\"autoplay; fullscreen; picture-in-picture\"><\/iframe>\n<\/div><\/figure>\n\n\n\n<p><\/p>\n\n\n\n<p>T\u00fcrkiye ve uluslararas\u0131 \u00f6l\u00e7ekte ba\u015far\u0131ya ula\u015fm\u0131\u015f, \u00fclke ekonomisine katk\u0131yla birlikte istihdam sa\u011flayan marka ve ki\u015filerin yer alaca\u011f\u0131 3. Uluslararas\u0131 Elmas \u00d6d\u00fcl T\u00f6reni\u2019nde \u201cY\u0131l\u0131n \u0130novatif Kozmetik ve \u0130la\u00e7 Teknolojileri \u00c7\u00f6z\u00fcm Markas\u0131\u201d \u00f6d\u00fcl\u00fcn\u00fc kazand\u0131k. Geli\u015ftirdi\u011fimiz ProliCell teknolojisi ile d\u00fcnya standartlar\u0131nda hizmet veren kozmetik sekt\u00f6r\u00fcne y\u00f6nelik bitki k\u00f6k h\u00fccrelerinden aktif madde geli\u015ftiren T\u00fcrkiye\u2019deki ilk ve tek biyoteknoloji firmas\u0131 olman\u0131n gururunu bu \u00f6d\u00fclle ta\u00e7land\u0131rd\u0131\u011f\u0131m\u0131z i\u00e7in biz \u00e7ok mutluyuz.<\/p>\n\n\n\n<p>Bu \u00f6d\u00fcl\u00fc almam\u0131zdaki en b\u00fcy\u00fck destek\u00e7imiz olan ekip arkada\u015flar\u0131m\u0131za ve t\u00fcm destek\u00e7ilerimize sonsuz te\u015fekk\u00fcrlerimizi iletiyoruz.<\/p>\n\n\n\n<figure class=\"wp-block-video\"><video height=\"1080\" style=\"aspect-ratio: 1920 \/ 1080;\" width=\"1920\" controls src=\"https:\/\/actvbiotech.com\/wp-content\/uploads\/2023\/09\/1000017868.mp4\"><\/video><\/figure>\n\n\n\n<figure class=\"wp-block-video\"><video height=\"1080\" style=\"aspect-ratio: 1920 \/ 1080;\" width=\"1920\" controls src=\"https:\/\/actvbiotech.com\/wp-content\/uploads\/2023\/09\/1000018014.mp4\"><\/video><\/figure>\n","protected":false},"excerpt":{"rendered":"<p>T\u00fcrkiye ve uluslararas\u0131 \u00f6l\u00e7ekte ba\u015far\u0131ya ula\u015fm\u0131\u015f, \u00fclke ekonomisine katk\u0131yla birlikte istihdam sa\u011flayan marka ve ki\u015filerin yer alaca\u011f\u0131 3. Uluslararas\u0131 Elmas \u00d6d\u00fcl T\u00f6reni\u2019nde \u201cY\u0131l\u0131n \u0130novatif Kozmetik ve \u0130la\u00e7 Teknolojileri \u00c7\u00f6z\u00fcm Markas\u0131\u201d \u00f6d\u00fcl\u00fcn\u00fc kazand\u0131k. Geli\u015ftirdi\u011fimiz ProliCell teknolojisi ile d\u00fcnya standartlar\u0131nda hizmet veren kozmetik sekt\u00f6r\u00fcne y\u00f6nelik bitki k\u00f6k h\u00fccrelerinden aktif madde geli\u015ftiren T\u00fcrkiye\u2019deki ilk ve tek biyoteknoloji firmas\u0131 [&hellip;]<\/p>\n","protected":false},"author":1,"featured_media":4098,"comment_status":"closed","ping_status":"open","sticky":false,"template":"","format":"standard","meta":{"footnotes":""},"categories":[1],"tags":[],"class_list":["post-4014","post","type-post","status-publish","format-standard","has-post-thumbnail","hentry","category-fuar"],"_links":{"self":[{"href":"https:\/\/actvbiotech.com\/tr\/wp-json\/wp\/v2\/posts\/4014","targetHints":{"allow":["GET"]}}],"collection":[{"href":"https:\/\/actvbiotech.com\/tr\/wp-json\/wp\/v2\/posts"}],"about":[{"href":"https:\/\/actvbiotech.com\/tr\/wp-json\/wp\/v2\/types\/post"}],"author":[{"embeddable":true,"href":"https:\/\/actvbiotech.com\/tr\/wp-json\/wp\/v2\/users\/1"}],"replies":[{"embeddable":true,"href":"https:\/\/actvbiotech.com\/tr\/wp-json\/wp\/v2\/comments?post=4014"}],"version-history":[{"count":2,"href":"https:\/\/actvbiotech.com\/tr\/wp-json\/wp\/v2\/posts\/4014\/revisions"}],"predecessor-version":[{"id":4196,"href":"https:\/\/actvbiotech.com\/tr\/wp-json\/wp\/v2\/posts\/4014\/revisions\/4196"}],"wp:featuredmedia":[{"embeddable":true,"href":"https:\/\/actvbiotech.com\/tr\/wp-json\/wp\/v2\/media\/4098"}],"wp:attachment":[{"href":"https:\/\/actvbiotech.com\/tr\/wp-json\/wp\/v2\/media?parent=4014"}],"wp:term":[{"taxonomy":"category","embeddable":true,"href":"https:\/\/actvbiotech.com\/tr\/wp-json\/wp\/v2\/categories?post=4014"},{"taxonomy":"post_tag","embeddable":true,"href":"https:\/\/actvbiotech.com\/tr\/wp-json\/wp\/v2\/tags?post=4014"}],"curies":[{"name":"wp","href":"https:\/\/api.w.org\/{rel}","templated":true}]}}