{"id":3885,"date":"2023-05-25T17:32:39","date_gmt":"2023-05-25T14:32:39","guid":{"rendered":"https:\/\/actvbiotech.com\/?p=3885"},"modified":"2023-08-25T15:21:09","modified_gmt":"2023-08-25T12:21:09","slug":"actv-biyoteknoloji-in-cosmetics-global-2023de-yerini-aldi","status":"publish","type":"post","link":"https:\/\/actvbiotech.com\/tr\/actv-biyoteknoloji-in-cosmetics-global-2023de-yerini-aldi\/","title":{"rendered":"ACTV Biyoteknoloji in-cosmetics global 2023\u2019de yerini ald\u0131!"},"content":{"rendered":"\n<p>Ki\u015fisel bak\u0131m malzemeleri ve yarat\u0131c\u0131lar\u0131n\u0131n bir araya geldi\u011fi, kozmetik end\u00fcstrisinin t\u00fcm alanlar\u0131n\u0131n ilham vermek, i\u00e7 g\u00f6r\u00fcleri payla\u015fmak ve potansiyel i\u015fbirliklerini sa\u011flamak i\u00e7in ba\u011flant\u0131 kurdu\u011fu in-cosmetics global 2023\u2019e kat\u0131ld\u0131k!<\/p>\n\n\n\n<p>28-30 Mart tarihleri aras\u0131nda Barselona\u2019da yap\u0131lan yakla\u015f\u0131k 300 firman\u0131n yer ald\u0131\u011f\u0131, \u00f6nde gelen geli\u015ftiriciler ve ara\u015ft\u0131rmac\u0131lara ev sahipli\u011fi yapan, en son kozmetik i\u00e7eriklerin, ham maddelerin ve daha fazlas\u0131n\u0131 sergilendi\u011fi in-cosmetics global\u2019e kat\u0131l\u0131m sa\u011flad\u0131k. \u201cProliCell Rose\u201d \u00fcr\u00fcn\u00fcm\u00fcz \u201cY\u00fckselen Y\u0131ld\u0131z \u00d6d\u00fcl\u00fc\u201d kategorisinde finale kal\u0131rken, Innovation zone alan\u0131nda sergiledi\u011fimiz \u2018\u2019ProliCell GoldStem\u2019\u2019 \u00fcr\u00fcn\u00fcm\u00fcz yo\u011fun ilgi g\u00f6rd\u00fc.<\/p>\n\n\n\n<p>R&amp;D Tour etkinli\u011finde geli\u015ftirdi\u011fimiz ProliCell Teknolojisi\u2019ni anlatt\u0131\u011f\u0131m\u0131z sunumumuz da tur ekibi taraf\u0131ndan olduk\u00e7a ilgi \u00e7ekici bulundu. ProliCell Teknolojimiz bir\u00e7ok firman\u0131n dikkatini \u00e7ekerken fuar boyunca 100\u2019den fazla distribit\u00f6r firma ile g\u00f6r\u00fc\u015fmeler ger\u00e7ekle\u015ftirdik. \u00dcr\u00fcnlerimizin sat\u0131\u015f\u0131 i\u00e7in t\u00fcm \u00fclkelerde distrib\u00fct\u00f6rl\u00fck vermeyi ve \u00fcretici firmalarla i\u015f birli\u011fi yapmay\u0131 hedefliyoruz.<\/p>\n\n\n\n<figure class=\"wp-block-gallery has-nested-images columns-4 is-cropped wp-block-gallery-1 is-layout-flex wp-block-gallery-is-layout-flex\">\n<figure class=\"wp-block-image size-large\"><a href=\"https:\/\/actvbiotech.com\/wp-content\/uploads\/2023\/05\/IMG-20230330-WA0103.jpg\" target=\"_blank\" rel=\"noopener\"><img fetchpriority=\"high\" decoding=\"async\" width=\"768\" height=\"1024\" data-id=\"3942\" src=\"https:\/\/actvbiotech.com\/wp-content\/uploads\/2023\/05\/IMG-20230330-WA0103-768x1024.jpg\" alt=\"\" class=\"wp-image-3942\" srcset=\"https:\/\/actvbiotech.com\/wp-content\/uploads\/2023\/05\/IMG-20230330-WA0103-768x1024.jpg 768w, https:\/\/actvbiotech.com\/wp-content\/uploads\/2023\/05\/IMG-20230330-WA0103-225x300.jpg 225w, https:\/\/actvbiotech.com\/wp-content\/uploads\/2023\/05\/IMG-20230330-WA0103.jpg 900w\" sizes=\"(max-width: 768px) 100vw, 768px\" \/><\/a><\/figure>\n\n\n\n<figure class=\"wp-block-image size-large\"><a href=\"https:\/\/actvbiotech.com\/wp-content\/uploads\/2023\/05\/IMG-20230608-WA0000.jpg\" target=\"_blank\" rel=\"noopener\"><img decoding=\"async\" width=\"768\" height=\"1024\" data-id=\"3945\" src=\"https:\/\/actvbiotech.com\/wp-content\/uploads\/2023\/05\/IMG-20230608-WA0000-768x1024.jpg\" alt=\"\" class=\"wp-image-3945\" srcset=\"https:\/\/actvbiotech.com\/wp-content\/uploads\/2023\/05\/IMG-20230608-WA0000-768x1024.jpg 768w, https:\/\/actvbiotech.com\/wp-content\/uploads\/2023\/05\/IMG-20230608-WA0000-225x300.jpg 225w, https:\/\/actvbiotech.com\/wp-content\/uploads\/2023\/05\/IMG-20230608-WA0000.jpg 900w\" sizes=\"(max-width: 768px) 100vw, 768px\" \/><\/a><\/figure>\n\n\n\n<figure class=\"wp-block-image size-large\"><a href=\"https:\/\/actvbiotech.com\/wp-content\/uploads\/2023\/05\/20230328_102039.jpg\" target=\"_blank\" rel=\"noopener\"><img decoding=\"async\" width=\"1024\" height=\"768\" data-id=\"3948\" src=\"https:\/\/actvbiotech.com\/wp-content\/uploads\/2023\/05\/20230328_102039-1024x768.jpg\" alt=\"\" class=\"wp-image-3948\" srcset=\"https:\/\/actvbiotech.com\/wp-content\/uploads\/2023\/05\/20230328_102039-1024x768.jpg 1024w, https:\/\/actvbiotech.com\/wp-content\/uploads\/2023\/05\/20230328_102039-300x225.jpg 300w, https:\/\/actvbiotech.com\/wp-content\/uploads\/2023\/05\/20230328_102039-768x576.jpg 768w, https:\/\/actvbiotech.com\/wp-content\/uploads\/2023\/05\/20230328_102039.jpg 1200w\" sizes=\"(max-width: 1024px) 100vw, 1024px\" \/><\/a><\/figure>\n\n\n\n<figure class=\"wp-block-image size-large\"><a href=\"https:\/\/actvbiotech.com\/wp-content\/uploads\/2023\/05\/IMG-20230330-WA0001.jpg\" target=\"_blank\" rel=\"noopener\"><img loading=\"lazy\" decoding=\"async\" width=\"768\" height=\"1024\" data-id=\"3951\" src=\"https:\/\/actvbiotech.com\/wp-content\/uploads\/2023\/05\/IMG-20230330-WA0001-768x1024.jpg\" alt=\"\" class=\"wp-image-3951\" srcset=\"https:\/\/actvbiotech.com\/wp-content\/uploads\/2023\/05\/IMG-20230330-WA0001-768x1024.jpg 768w, https:\/\/actvbiotech.com\/wp-content\/uploads\/2023\/05\/IMG-20230330-WA0001-225x300.jpg 225w, https:\/\/actvbiotech.com\/wp-content\/uploads\/2023\/05\/IMG-20230330-WA0001.jpg 900w\" sizes=\"(max-width: 768px) 100vw, 768px\" \/><\/a><\/figure>\n<\/figure>\n","protected":false},"excerpt":{"rendered":"<p>Ki\u015fisel bak\u0131m malzemeleri ve yarat\u0131c\u0131lar\u0131n\u0131n bir araya geldi\u011fi, kozmetik end\u00fcstrisinin t\u00fcm alanlar\u0131n\u0131n ilham vermek, i\u00e7 g\u00f6r\u00fcleri payla\u015fmak ve potansiyel i\u015fbirliklerini sa\u011flamak i\u00e7in ba\u011flant\u0131 kurdu\u011fu in-cosmetics global 2023\u2019e kat\u0131ld\u0131k! 28-30 Mart tarihleri aras\u0131nda Barselona\u2019da yap\u0131lan yakla\u015f\u0131k 300 firman\u0131n yer ald\u0131\u011f\u0131, \u00f6nde gelen geli\u015ftiriciler ve ara\u015ft\u0131rmac\u0131lara ev sahipli\u011fi yapan, en son kozmetik i\u00e7eriklerin, ham maddelerin ve daha [&hellip;]<\/p>\n","protected":false},"author":1,"featured_media":4105,"comment_status":"closed","ping_status":"open","sticky":false,"template":"","format":"standard","meta":{"footnotes":""},"categories":[1],"tags":[],"class_list":["post-3885","post","type-post","status-publish","format-standard","has-post-thumbnail","hentry","category-fuar"],"_links":{"self":[{"href":"https:\/\/actvbiotech.com\/tr\/wp-json\/wp\/v2\/posts\/3885","targetHints":{"allow":["GET"]}}],"collection":[{"href":"https:\/\/actvbiotech.com\/tr\/wp-json\/wp\/v2\/posts"}],"about":[{"href":"https:\/\/actvbiotech.com\/tr\/wp-json\/wp\/v2\/types\/post"}],"author":[{"embeddable":true,"href":"https:\/\/actvbiotech.com\/tr\/wp-json\/wp\/v2\/users\/1"}],"replies":[{"embeddable":true,"href":"https:\/\/actvbiotech.com\/tr\/wp-json\/wp\/v2\/comments?post=3885"}],"version-history":[{"count":2,"href":"https:\/\/actvbiotech.com\/tr\/wp-json\/wp\/v2\/posts\/3885\/revisions"}],"predecessor-version":[{"id":3955,"href":"https:\/\/actvbiotech.com\/tr\/wp-json\/wp\/v2\/posts\/3885\/revisions\/3955"}],"wp:featuredmedia":[{"embeddable":true,"href":"https:\/\/actvbiotech.com\/tr\/wp-json\/wp\/v2\/media\/4105"}],"wp:attachment":[{"href":"https:\/\/actvbiotech.com\/tr\/wp-json\/wp\/v2\/media?parent=3885"}],"wp:term":[{"taxonomy":"category","embeddable":true,"href":"https:\/\/actvbiotech.com\/tr\/wp-json\/wp\/v2\/categories?post=3885"},{"taxonomy":"post_tag","embeddable":true,"href":"https:\/\/actvbiotech.com\/tr\/wp-json\/wp\/v2\/tags?post=3885"}],"curies":[{"name":"wp","href":"https:\/\/api.w.org\/{rel}","templated":true}]}}